{"id":2808,"date":"2020-06-26T10:55:48","date_gmt":"2020-06-26T08:55:48","guid":{"rendered":"https:\/\/39a.se\/?p=2808"},"modified":"2021-07-29T13:20:04","modified_gmt":"2021-07-29T11:20:04","slug":"skydda-barn-mot-solen","status":"publish","type":"post","link":"https:\/\/39a.se\/en\/skydda-barn-mot-solen\/","title":{"rendered":"Solskydd f\u00f6r barn"},"content":{"rendered":"<p class=\"wp-block-paragraph\">En dag vid stranden med m\u00e5ttligt solljus \u00e4r bra b\u00e5de f\u00f6r kropp och sinne. Bygga sandslott och leka med barnen vid vattenbrynet \u00e4r livskvalitet som ger minnen f\u00f6r livet. F\u00f6r att kunna slappna av och utnyttja de soliga dagarna s\u00e5 \u00e4r det bra med lite f\u00f6rberedelser och planering. F\u00f6r mycket solljus vet vi \u00e4r skadligt b\u00e5de f\u00f6r hud och \u00f6gon. H\u00e4r kommer n\u00e5gra produkter och enkla r\u00e5d som kan skydda kroppen mot solen b\u00e5de f\u00f6r stundens och framtida skador, speciellt solskydd f\u00f6r barn.<\/p>\n\n\n\n<p class=\"wp-block-paragraph\">Det \u00e4r inte bara uppfriskande att f\u00e5 vara utomhus, sj\u00e4lva solljuset \u00e4r en viktig k\u00e4lla till D-vitamin, vilket \u00e4r avg\u00f6rande f\u00f6r m\u00e5nga vitala processer i v\u00e5ra kroppar. Det handlar om balans, att vi skall hj\u00e4lpa kroppen att f\u00e5 en m\u00e5ttlig m\u00e4ngd solstr\u00e5lar p\u00e5 sig. Yngre barn \u00e4r i solen mer \u00e4n oss vuxna, deras hud \u00e4r k\u00e4nsligare mot str\u00e5lningen. Det \u00e4r vi vuxna som har ansvaret f\u00f6r att anv\u00e4nda solskydd p\u00e5 barnen, utan att st\u00f6ra deras lust f\u00f6r lek.<\/p>\n\n\n\n<p class=\"wp-block-paragraph\"><em>Betalt samarbete med Amazon.se<\/em><\/p>\n\n\n\n<p class=\"wp-block-paragraph\">UV-index \u00e4r ett m\u00e5tt p\u00e5 hur stark solen \u00e4r. SMHI ger dagsaktuella prognoser om <a aria-label=\"undefined (opens in a new tab)\" href=\"https:\/\/www.smhi.se\/data\/meteorologi\/uv-stralning\" target=\"_blank\" rel=\"noreferrer noopener nofollow\">UV-index f\u00f6r hela Sverige<\/a>.<\/p>\n\n\n\n<p class=\"wp-block-paragraph\">N\u00e4r vi \u00e4r utomhus mitt p\u00e5 dagen kan vi f\u00f6rs\u00f6ka vara p\u00e5 st\u00e4llen med exempelvis tr\u00e4d som skyddar oss mot solens str\u00e5lar. Solen \u00e4r som starkast mellan klockan 11 och 15, d\u00e5 \u00e4r det viktigt att yngre barn undviker att vara i fullsol p\u00e5 stranden, sj\u00f6n eller p\u00e5 andra \u00f6ppna platser. Med hj\u00e4lp av olika solskydd kan vi skapa den skugga vi beh\u00f6ver f\u00f6r att skydda barn mot solen, UV-t\u00e4lt, UV-kl\u00e4der, UV-filtar, UV-n\u00e4t och UV- skyddsmedel g\u00e4rna med h\u00f6g faktor.<\/p>\n\n\n\n<p class=\"wp-block-paragraph\">I f\u00f6rsta hand b\u00f6r kl\u00e4der och skugga anv\u00e4ndas som solskydd och solskyddskr\u00e4m som ett komplement.<\/p>\n\n\n\n<p class=\"wp-block-paragraph\"> Solskyddet ska vara vattenfast eftersom vi ofta bodde svettas och badar under tiden d\u00e5 vi uts\u00e4tts f\u00f6r solens str\u00e5lar. F\u00f6r att en produkt skall f\u00e5 klassas som vattenfast m\u00e5ste den t\u00e5la 4 x 20 minuter i vatten.<\/p>\n\n\n\n<hr class=\"wp-block-separator\"\/>\n\n\n\n<h2 class=\"wp-block-heading\">UV-t\u00e4lt<\/h2>\n\n\n\n<div class=\"wp-block-media-text alignwide is-stacked-on-mobile\" style=\"grid-template-columns:37% auto\"><figure class=\"wp-block-media-text__media\"><img data-recalc-dims=\"1\" fetchpriority=\"high\" decoding=\"async\" width=\"300\" height=\"239\" data-attachment-id=\"2815\" data-permalink=\"https:\/\/39a.se\/en\/skydda-barn-mot-solen\/1-7\/\" data-orig-file=\"https:\/\/i0.wp.com\/39a.se\/wp-content\/uploads\/2020\/06\/1-7.jpg?fit=300%2C239&amp;ssl=1\" data-orig-size=\"300,239\" data-comments-opened=\"0\" data-image-meta=\"{&quot;aperture&quot;:&quot;0&quot;,&quot;credit&quot;:&quot;&quot;,&quot;camera&quot;:&quot;&quot;,&quot;caption&quot;:&quot;&quot;,&quot;created_timestamp&quot;:&quot;0&quot;,&quot;copyright&quot;:&quot;&quot;,&quot;focal_length&quot;:&quot;0&quot;,&quot;iso&quot;:&quot;0&quot;,&quot;shutter_speed&quot;:&quot;0&quot;,&quot;title&quot;:&quot;&quot;,&quot;orientation&quot;:&quot;0&quot;}\" data-image-title=\"1-7\" data-image-description=\"\" data-image-caption=\"\" data-large-file=\"https:\/\/i0.wp.com\/39a.se\/wp-content\/uploads\/2020\/06\/1-7.jpg?fit=300%2C239&amp;ssl=1\" src=\"https:\/\/i0.wp.com\/39a.se\/wp-content\/uploads\/2020\/06\/1-7.jpg?resize=300%2C239&#038;ssl=1\" alt=\"\" class=\"wp-image-2815 size-full\"\/><\/figure><div class=\"wp-block-media-text__content\">\n<p class=\"wp-block-paragraph\">UV-t\u00e4lt skyddar dig och barnet mot solens str\u00e5lar och l\u00e4ttare vindar. Enkla att s\u00e4tta upp p\u00e5 stranden eller gr\u00e4smattan.<\/p>\n\n\n\n<div class=\"wp-block-buttons is-layout-flex wp-block-buttons-is-layout-flex\">\n<div class=\"wp-block-button\"><a class=\"wp-block-button__link\" href=\"https:\/\/www.amazon.se\/s?k=uv+t%C3%A4lt&amp;rh=p_n_fulfilled_by_amazon%3A20692919031&amp;dc=&amp;qid=1623001141&amp;rnid=20692918031&amp;linkCode=ll2&amp;tag=39a09-21&amp;linkId=30f6ed12ba4ad47070f65212b90aad9c&amp;language=sv_SE&amp;ref_=as_li_ss_tl\" target=\"_blank\" rel=\"noreferrer noopener\">K\u00f6ps via Amazon.se<\/a><\/div>\n<\/div>\n<\/div><\/div>\n\n\n\n<hr class=\"wp-block-separator\"\/>\n\n\n\n<h2 class=\"wp-block-heading\">Solglas\u00f6gon &#8211; Barn<\/h2>\n\n\n\n<div class=\"wp-block-media-text alignwide is-stacked-on-mobile\" style=\"grid-template-columns:33% auto\"><figure class=\"wp-block-media-text__media\"><img data-recalc-dims=\"1\" decoding=\"async\" width=\"810\" height=\"541\" data-attachment-id=\"4092\" data-permalink=\"https:\/\/39a.se\/en\/skydda-barn-mot-solen\/child-428690_1920\/\" data-orig-file=\"https:\/\/i0.wp.com\/39a.se\/wp-content\/uploads\/2020\/06\/child-428690_1920.jpg?fit=1920%2C1282&amp;ssl=1\" data-orig-size=\"1920,1282\" data-comments-opened=\"0\" data-image-meta=\"{&quot;aperture&quot;:&quot;0&quot;,&quot;credit&quot;:&quot;&quot;,&quot;camera&quot;:&quot;&quot;,&quot;caption&quot;:&quot;&quot;,&quot;created_timestamp&quot;:&quot;0&quot;,&quot;copyright&quot;:&quot;&quot;,&quot;focal_length&quot;:&quot;0&quot;,&quot;iso&quot;:&quot;0&quot;,&quot;shutter_speed&quot;:&quot;0&quot;,&quot;title&quot;:&quot;&quot;,&quot;orientation&quot;:&quot;0&quot;}\" data-image-title=\"child-428690_1920\" data-image-description=\"\" data-image-caption=\"\" data-large-file=\"https:\/\/i0.wp.com\/39a.se\/wp-content\/uploads\/2020\/06\/child-428690_1920.jpg?fit=810%2C541&amp;ssl=1\" src=\"https:\/\/i0.wp.com\/39a.se\/wp-content\/uploads\/2020\/06\/child-428690_1920.jpg?resize=810%2C541&#038;ssl=1\" alt=\"solglas\u00f6gon barn\" class=\"wp-image-4092 size-full\" srcset=\"https:\/\/i0.wp.com\/39a.se\/wp-content\/uploads\/2020\/06\/child-428690_1920.jpg?resize=1024%2C684&amp;ssl=1 1024w, https:\/\/i0.wp.com\/39a.se\/wp-content\/uploads\/2020\/06\/child-428690_1920.jpg?resize=300%2C200&amp;ssl=1 300w, https:\/\/i0.wp.com\/39a.se\/wp-content\/uploads\/2020\/06\/child-428690_1920.jpg?resize=768%2C513&amp;ssl=1 768w, https:\/\/i0.wp.com\/39a.se\/wp-content\/uploads\/2020\/06\/child-428690_1920.jpg?resize=1536%2C1026&amp;ssl=1 1536w, https:\/\/i0.wp.com\/39a.se\/wp-content\/uploads\/2020\/06\/child-428690_1920.jpg?resize=1200%2C801&amp;ssl=1 1200w, https:\/\/i0.wp.com\/39a.se\/wp-content\/uploads\/2020\/06\/child-428690_1920.jpg?resize=120%2C80&amp;ssl=1 120w, https:\/\/i0.wp.com\/39a.se\/wp-content\/uploads\/2020\/06\/child-428690_1920.jpg?w=1920&amp;ssl=1 1920w, https:\/\/i0.wp.com\/39a.se\/wp-content\/uploads\/2020\/06\/child-428690_1920.jpg?w=1620&amp;ssl=1 1620w\" sizes=\"(max-width: 810px) 100vw, 810px\" \/><\/figure><div class=\"wp-block-media-text__content\">\n<p class=\"wp-block-paragraph\">Barnens \u00f6gon \u00e4r extra k\u00e4nsliga f\u00f6r UV-str\u00e5lning eftersom deras linser \u00e4r klarare och pupillen som sl\u00e4pper in ljus i \u00f6gat \u00e4r st\u00f6rre.<\/p>\n\n\n\n<div class=\"wp-block-buttons is-layout-flex wp-block-buttons-is-layout-flex\">\n<div class=\"wp-block-button\"><a class=\"wp-block-button__link\" href=\"https:\/\/www.amazon.se\/s?k=solglas%C3%B6gon+barn+uv&amp;linkCode=ll2&amp;tag=39a09-21&amp;linkId=1d8d4c592505fbcd16f1026a798db0e2&amp;language=sv_SE&amp;ref_=as_li_ss_tl\" target=\"_blank\" rel=\"noreferrer noopener\">K\u00f6ps via Amazon.se<\/a><\/div>\n<\/div>\n<\/div><\/div>\n\n\n\n<hr class=\"wp-block-separator\"\/>\n\n\n\n<h2 class=\"wp-block-heading\">UV kl\u00e4der som ger solskydd<\/h2>\n\n\n\n<div class=\"wp-block-media-text alignwide is-stacked-on-mobile\" style=\"grid-template-columns:46% auto\"><figure class=\"wp-block-media-text__media\"><img data-recalc-dims=\"1\" decoding=\"async\" width=\"500\" height=\"338\" data-attachment-id=\"2821\" data-permalink=\"https:\/\/39a.se\/en\/skydda-barn-mot-solen\/689553s\/\" data-orig-file=\"https:\/\/i0.wp.com\/39a.se\/wp-content\/uploads\/2020\/06\/689553s.jpg?fit=500%2C338&amp;ssl=1\" data-orig-size=\"500,338\" data-comments-opened=\"0\" data-image-meta=\"{&quot;aperture&quot;:&quot;0&quot;,&quot;credit&quot;:&quot;&quot;,&quot;camera&quot;:&quot;&quot;,&quot;caption&quot;:&quot;&quot;,&quot;created_timestamp&quot;:&quot;0&quot;,&quot;copyright&quot;:&quot;&quot;,&quot;focal_length&quot;:&quot;0&quot;,&quot;iso&quot;:&quot;0&quot;,&quot;shutter_speed&quot;:&quot;0&quot;,&quot;title&quot;:&quot;&quot;,&quot;orientation&quot;:&quot;0&quot;}\" data-image-title=\"689553s\" data-image-description=\"\" data-image-caption=\"\" data-large-file=\"https:\/\/i0.wp.com\/39a.se\/wp-content\/uploads\/2020\/06\/689553s.jpg?fit=500%2C338&amp;ssl=1\" src=\"https:\/\/i0.wp.com\/39a.se\/wp-content\/uploads\/2020\/06\/689553s.jpg?resize=500%2C338&#038;ssl=1\" alt=\"\" class=\"wp-image-2821 size-full\" srcset=\"https:\/\/i0.wp.com\/39a.se\/wp-content\/uploads\/2020\/06\/689553s.jpg?w=500&amp;ssl=1 500w, https:\/\/i0.wp.com\/39a.se\/wp-content\/uploads\/2020\/06\/689553s.jpg?resize=300%2C203&amp;ssl=1 300w, https:\/\/i0.wp.com\/39a.se\/wp-content\/uploads\/2020\/06\/689553s.jpg?resize=120%2C80&amp;ssl=1 120w\" sizes=\"(max-width: 500px) 100vw, 500px\" \/><\/figure><div class=\"wp-block-media-text__content\">\n<p class=\"wp-block-paragraph\">H\u00e4r ger vi er l\u00e4nkar till Apotekets och Adlibris hela sortiment f\u00f6r solskydd.<\/p>\n\n\n\n<p class=\"wp-block-paragraph\">Exempel p\u00e5 produkter som \u00e4r b\u00e5de viktiga och smarta att skydda sig med \u00e4r: Kepsar, tr\u00f6jor, byxor, badkl\u00e4der, skor, filtar och olika vattenfasta solskydd som kan sm\u00f6rjas eller sprayas p\u00e5 huden.<\/p>\n\n\n\n<p class=\"wp-block-paragraph\">Gl\u00f6m inte bort s\u00e4kerheten, var hela tiden uppm\u00e4rksam p\u00e5 ditt barn vid vattnet. <\/p>\n\n\n\n<p class=\"wp-block-paragraph\">G\u00f6r er egen checklista s\u00e5 inget missas f\u00f6r en lyckad dag i solen. T\u00e4nk p\u00e5 att Apoteket och Adlibris \u00e4ven har skydd f\u00f6r oss vuxna.<\/p>\n\n\n\n<div class=\"wp-block-buttons is-layout-flex wp-block-buttons-is-layout-flex\">\n<div class=\"wp-block-button\"><a class=\"wp-block-button__link\" href=\"https:\/\/www.amazon.se\/s?k=solskydd+barn&amp;linkCode=ll2&amp;tag=39a09-21&amp;linkId=5a017de4deb45718f7a49bfec5769aec&amp;language=sv_SE&amp;ref_=as_li_ss_tl\" target=\"_blank\" rel=\"noreferrer noopener\">\u00d6vrigt UV sortiment hos Amazon.se<\/a><\/div>\n<\/div>\n\n\n\n<div class=\"wp-block-buttons is-layout-flex wp-block-buttons-is-layout-flex\"><\/div>\n\n\n\n<p class=\"has-large-font-size wp-block-paragraph\">  <\/p>\n<\/div><\/div>\n\n\n\n<hr class=\"wp-block-separator\"\/>\n\n\n\n<h2 class=\"wp-block-heading\">Fakta om solens st\u00e5lar<\/h2>\n\n\n\n<p class=\"wp-block-paragraph\">Solen \u00e4r v\u00e5r n\u00e4rmsta stj\u00e4rna och grunden till liv p\u00e5 jorden, men f\u00f6r mycket str\u00e5lning kan utg\u00f6ra skada. Idag har vi mycket kunskap om str\u00e5larna, vilket har gett oss solskyddsprodukter som kr\u00e4mer, kl\u00e4der, filtar, t\u00e4lt och glas\u00f6gon. Solens skadliga str\u00e5lning heter ultraviolett str\u00e5lning. Det f\u00f6rkortas UV-str\u00e5lar och kallas ocks\u00e5 UV-ljus. &nbsp;<\/p>\n\n\n\n<p class=\"wp-block-paragraph\">Omedelbara konsekvenser av f\u00f6r mycket sol \u00e4r &#8211; solbr\u00e4nna, vilken kan medf\u00f6ra rodnad och sm\u00e4rta i huden, ibland \u00e4ven bl\u00e5s bildningar och feber.&nbsp;<\/p>\n\n\n\n<p class=\"wp-block-paragraph\">UV-str\u00e5larna utg\u00f6r endast 5&nbsp;% av de solstr\u00e5lar som n\u00e5r jorden, men de \u00e4r mycket kraftfulla. Det finns flera olika typer. UVC-str\u00e5lar blockeras av ozonlagret, men UVA- och UVB-str\u00e5lar n\u00e5r ned till jorden och p\u00e5verkar v\u00e5r hud.<\/p>\n\n\n\n<p class=\"wp-block-paragraph\"><strong>UVA &#8211; Str\u00e5lar:<\/strong> Tr\u00e4nger igenom moln, vanligt glas&nbsp;och n\u00e5r&nbsp;djupt in i huden.  G\u00f6r oss bruna men samtidigt p\u00e5verkas huden negativt och f\u00f6r\u00e5ldras i f\u00f6rtid, huden f\u00f6rlorar sin fasthet och sp\u00e4nst och utvecklar rynkor. Under hela \u00e5ret och \u00e4ven under molniga dagar utg\u00f6r UVA-str\u00e5larna 95&nbsp;% av de ultravioletta str\u00e5lar som n\u00e5r ned till jordens yta. <\/p>\n\n\n\n<p class=\"wp-block-paragraph\"><strong>UVB-str\u00e5lar:<\/strong> Bromsas av moln och glas. G\u00f6r att vi br\u00e4nner oss om vi vistas f\u00f6r l\u00e4nge i solen. Br\u00e4nnskadorna ger skador i cellernas DNA, vilket kan leda till hudcancer. Str\u00e5larna utg\u00f6r 5&nbsp;% av samtliga ultravioletta str\u00e5lar som n\u00e5r jorden.<\/p>\n\n\n\n<p class=\"wp-block-paragraph\"><strong>UVC-str\u00e5lar:<\/strong> Blockeras och filtreras bort av ozonlagret. Svetsning och viss steriliseringsapparatur kan medf\u00f6ra viss exponering, vid s\u00e5dana arbeten anv\u00e4nd anvisad skyddsutrustning.<\/p>\n\n\n\n<p class=\"wp-block-paragraph\">Blir man solbr\u00e4nd genom f\u00f6nsterglas? Svaret \u00e4r i grunden nej. Det \u00e4r UVA som g\u00f6r att ett pigment i huden, melanin, m\u00f6rknar och vi blir bruna. UVB stimulerar huden att bilda nytt melanin. Detta inneb\u00e4r att b\u00e5de UVA och UVB kr\u00e4vs f\u00f6r att vi skall bli bruna. Man blir brun p\u00e5 det melanin man har lagrat i kroppen. <\/p>\n\n\n\n<hr class=\"wp-block-separator\"\/>\n\n\n\n<h2 class=\"wp-block-heading\">Solens reflektion<\/h2>\n\n\n\n<p class=\"wp-block-paragraph\">UV-str\u00e5lning reflekteras mot marken. F\u00f6rm\u00e5gan hos en yta att \u00e5terkasta str\u00e5lning ben\u00e4mns reflektans.<\/p>\n\n\n\n<p class=\"wp-block-paragraph\"><strong>UV-str\u00e5lningen p\u00e5verkas av:<\/strong> \u00c5rstid, tid p\u00e5 dagen, v\u00e4der, latitud, reflexion.<\/p>\n\n\n\n<p class=\"wp-block-paragraph\"><strong>Moln:<\/strong> Upp till 90 % av UV-str\u00e5lningen tr\u00e4nger igenom ett tunt moln lager.<\/p>\n\n\n\n<p class=\"wp-block-paragraph\"><strong>Skugga:<\/strong> I skuggan f\u00e5r man cirka 50 % av solens direkta UV-str\u00e5lning, vi blir bruna \u00e4ven i skugga.<\/p>\n\n\n\n<p class=\"wp-block-paragraph\"><strong>H\u00f6gre h\u00f6jder:<\/strong> Vi h\u00f6gre h\u00f6jder \u00f6kar UV-index med 10 % per kilometer.<\/p>\n\n\n\n<p class=\"wp-block-paragraph\"><strong>Sn\u00f6:<\/strong> Ny sn\u00f6 reflekterar \u00f6ver 80 % av UV-str\u00e5lningen.<\/p>\n\n\n\n<p class=\"wp-block-paragraph\"><strong>Vatten ytan:<\/strong> &nbsp;Reflekterar mindre \u00e4n 10 % av UV-str\u00e5lningen.<\/p>\n\n\n\n<p class=\"wp-block-paragraph\"><strong>Under vatten:<\/strong> 40 % av UV-str\u00e5lning tr\u00e4nger ner till en halvmeters djup, man kan bli brunbr\u00e4nd n\u00e4r man badar.<\/p>\n\n\n\n<p class=\"wp-block-paragraph\"><strong>Sand: <\/strong>Reflekterar 20 % av den UV-str\u00e5lningen.<\/p>\n\n\n\n<p class=\"wp-block-paragraph\"><strong>Vinkeln mot solen:<\/strong> Om din skugga \u00e4r kortare \u00e4n din egen l\u00e4ngd s\u00e5 \u00e4r solen stark. Beroende p\u00e5 solens h\u00f6jd och vinkel kan en person som ligger i solen f\u00e5 upp till 4 g\u00e5nger mera str\u00e5lning j\u00e4mf\u00f6rt med en person i uppr\u00e4tt st\u00e4llning.<\/p>\n\n\n\n<p class=\"wp-block-paragraph\">N\u00e4r solstr\u00e5lningen tr\u00e4nger ner genom atmosf\u00e4ren sprids en del av ljuset med hj\u00e4lp av jordens atmosf\u00e4r, himlen.&nbsp;N\u00e5got f\u00f6renklat, n\u00e4r solen st\u00e5r som h\u00f6gst kommer ungef\u00e4r h\u00e4lften av UV-str\u00e5lningen fr\u00e5n solen och h\u00e4lften via himlen. Vid l\u00e4gre solh\u00f6jder dominerar den himmelsspridda str\u00e5lningen. Detta f\u00e5r till f\u00f6ljd att ju mer av himlen som man exponeras inf\u00f6r ju mer UV-str\u00e5lning kan man f\u00e5. <\/p>\n\n\n\n<p class=\"wp-block-paragraph\">Ute p\u00e5 havet eller vid kusten \u00e4r horisonten fri och man kan s\u00e5ledes exponeras f\u00f6r b\u00e5de sol och himmel. Inne i staden eller vid en skogssj\u00f6 \u00e4r ofta horisonten avsk\u00e4rmad till viss del och den potentiella str\u00e5lningen \u00e4r reducerad. En allm\u00e4nt utbredd missuppfattning \u00e4r att havet reflekterar UV-str\u00e5lningen och att det d\u00e4rf\u00f6r \u00e4r l\u00e4ttare att bli br\u00e4nd p\u00e5 sj\u00f6n eller stranden.<\/p>\n\n\n\n<p class=\"wp-block-paragraph\">Detta medf\u00f6r \u00e4ven en annan sp\u00e4nnande effekt. Om man sitter i skuggan av ett h\u00f6gt tr\u00e4d eller ett parasoll vid stranden kan man fortfarande bli utsatt f\u00f6r betydande m\u00e4ngder UV-str\u00e5lning.<\/p>\n\n\n\n<hr class=\"wp-block-separator\"\/>\n\n\n\n<h2 class=\"wp-block-heading\">V\u00e4lj r\u00e4tt solskyddsfaktor &#8211; SPF<\/h2>\n\n\n\n<p class=\"wp-block-paragraph\"><strong>Sun Protection Factor<\/strong> har f\u00f6rkortningen SPF,<strong> &nbsp;<\/strong>det \u00e4r ett m\u00e5tt p\u00e5 hur v\u00e4l en solkr\u00e4m skyddar huden fr\u00e5n UVB-str\u00e5lar. Siffran anger hur m\u00e5nga g\u00e5nger l\u00e4ngre man kan vara i solen \u00e4n utan solskyddsmedel. Som exempel, kan du kan vara ute i solen utan att br\u00e4nna dig (f\u00e5 rodna) i 10 min. och applicerar en SPF 15 s\u00e5 ger den ett solskydd p\u00e5 150 min., s\u00e5ledes 15 g\u00e5nger l\u00e4ngre tid.&nbsp;Detta \u00e4r en grov uppskattning som beror p\u00e5 hudtyp, intensiteten av solljuset och m\u00e4ngden av solskyddsmedel som anv\u00e4nds.<\/p>\n\n\n\n<p class=\"wp-block-paragraph\">SPF anger skyddet f\u00f6r UVB, de flesta solskyddsmedel skyddar \u00e4ven f\u00f6r UVA. EU har frivillig m\u00e4rkning f\u00f6r UVA med en symbol -bokst\u00e4verna UVA skrivet i en cirkel och text l\u00e5gt, medelh\u00f6gt, h\u00f6gt och mycket h\u00f6gt.<\/p>\n\n\n\n<h3 class=\"wp-block-heading\"><strong>Solskyddsfaktor delas in i fyra skydds kategorier:<\/strong><\/h3>\n\n\n\n<p class=\"wp-block-paragraph\">L\u00e5gt: SPF 6-10<br>Medelh\u00f6gt: SPF 15-25<br>H\u00f6gt: SPF 30-50<br>Mycket h\u00f6gt: SPF 50+<\/p>\n\n\n\n<h3 class=\"wp-block-heading\"><strong>UVB str\u00e5larna filtraras bort med<\/strong>:<\/h3>\n\n\n\n<ul class=\"wp-block-list\"><li>50% &#8211; SPF 2<\/li><li>75% &#8211; SPF 4<\/li><li>93% &#8211; SPF 15<\/li><li>96,5% &#8211; SPF 30<\/li><li>97,5% &#8211; SPF 40<\/li><\/ul>\n\n\n\n<hr class=\"wp-block-separator\"\/>\n\n\n\n<h2 class=\"wp-block-heading\">Hudtyper &#8211; Fitzpatrick skalan<\/h2>\n\n\n\n<p class=\"wp-block-paragraph\"><strong>Hudtyp 1:<\/strong>&nbsp;Mycket ljus hud, br\u00e4nner sig och blir inte brun.<\/p>\n\n\n\n<p class=\"wp-block-paragraph\"><strong>Hudtyp 2:<\/strong>&nbsp;Ljus  hud, br\u00e4nner sig l\u00e4tt och blir n\u00e5got brun.<\/p>\n\n\n\n<p class=\"wp-block-paragraph\"><strong>Hudtyp 3:<\/strong>&nbsp;Beige hud, br\u00e4nner sig ibland blir l\u00e4tt brun.<\/p>\n\n\n\n<p class=\"wp-block-paragraph\"><strong>Hudtyp 4:<\/strong>&nbsp;Ljusbrun hud,  br\u00e4nner sig s\u00e4llan och har l\u00e4tt att bli brun (Skall \u00e4nd\u00e5 sola med f\u00f6rsiktighet).<\/p>\n\n\n\n<p class=\"wp-block-paragraph\"><strong>Hudtyp 5:<\/strong>&nbsp;M\u00f6rkbrun hud, som t\u00e5l sol p\u00e5 ett bra s\u00e4tt, br\u00e4nner mycket s\u00e4llan och blir mycket brun.<\/p>\n\n\n\n<p class=\"wp-block-paragraph\"><strong>Hudtyp 6:<\/strong>&nbsp;Mycket m\u00f6rk hud, som aldrig br\u00e4nner sig och blir \u00e4nnu m\u00f6rkare i huden i sol.<\/p>\n\n\n\n<hr class=\"wp-block-separator\"\/>\n\n\n\n<h3 class=\"wp-block-heading\">Elektromagnetisk str\u00e5lning<\/h3>\n\n\n\n<p class=\"wp-block-paragraph\"><strong>UV-str\u00e5lning<\/strong> \u00e4r en typ av elektromagnetisk str\u00e5lning som m\u00e4ts i nanometer. Vanligen indelas UV-str\u00e5lning i UVA (315-400 nm), UVB (280-315 nm), UVC (100-280 nm) och Vakuum-UV (1-100 nm). En ljusstr\u00e5le kan beskrivas som en&nbsp;v\u00e5gr\u00f6relse, d\u00e4r sj\u00e4lva v\u00e5gorna \u00e4r extremt sm\u00e5, med v\u00e5gl\u00e4ngder p\u00e5 bara n\u00e5gra hundra miljarddels meter.<\/p>\n\n\n\n<p class=\"wp-block-paragraph\"><strong>\u00d6vrig elektromagnetisk str\u00e5lning \u00e4r:<\/strong> Gammastr\u00e5nling (&lt;10 pm), R\u00f6ntgenstr\u00e5lning (10 pm-1 nm), UV-str\u00e5lning (1-400 nm), Synligtljus ( 400-770nm) -det vi ser \u00e4r regnb\u00e5gens f\u00e4rger, Infrar\u00f6ttljus ( 770 nm-1 mm), Microv\u00e5gor ( 1mm-1m), Radiov\u00e5gor ( 1m-10 km) och audiofrekvens ( 10km- 100Mm).<\/p>\n\n\n\n<p class=\"wp-block-paragraph\"><strong>Regnb\u00e5gens f\u00e4rger:<\/strong> Violett (400-450 nm) innerst, bl\u00e5tt (450-500 nm), gr\u00f6nt (500-570 nm), gult (570-590 nm), orange (590-610 nm) och r\u00f6tt (610-770 nm) ytterst.<\/p>\n\n\n\n<p class=\"wp-block-paragraph\">N\u00e4r solstr\u00e5lningen tr\u00e4nger ner genom atmosf\u00e4ren sprids en del av ljuset. Mest effektivt sprids de kortaste v\u00e5gl\u00e4ngderna, varav vi&nbsp;med \u00f6gat kan se de bl\u00e5. D\u00e4rav himlens bl\u00e5 f\u00e4rg.&nbsp;&nbsp;<\/p>\n\n\n\n<hr class=\"wp-block-separator\"\/>\n\n\n\n<h2 class=\"wp-block-heading\">Missa leksakerna<\/h2>\n\n\n\n<div class=\"wp-block-media-text alignwide is-stacked-on-mobile\"><figure class=\"wp-block-media-text__media\"><img data-recalc-dims=\"1\" loading=\"lazy\" decoding=\"async\" width=\"600\" height=\"600\" data-attachment-id=\"2825\" data-permalink=\"https:\/\/39a.se\/en\/skydda-barn-mot-solen\/580e1cf8-b606-4a35-9090-6e62c920397e\/\" data-orig-file=\"https:\/\/i0.wp.com\/39a.se\/wp-content\/uploads\/2020\/06\/580e1cf8-b606-4a35-9090-6e62c920397e.jpg?fit=600%2C600&amp;ssl=1\" data-orig-size=\"600,600\" data-comments-opened=\"0\" data-image-meta=\"{&quot;aperture&quot;:&quot;0&quot;,&quot;credit&quot;:&quot;&quot;,&quot;camera&quot;:&quot;&quot;,&quot;caption&quot;:&quot;&quot;,&quot;created_timestamp&quot;:&quot;0&quot;,&quot;copyright&quot;:&quot;&quot;,&quot;focal_length&quot;:&quot;0&quot;,&quot;iso&quot;:&quot;0&quot;,&quot;shutter_speed&quot;:&quot;0&quot;,&quot;title&quot;:&quot;&quot;,&quot;orientation&quot;:&quot;0&quot;}\" data-image-title=\"580e1cf8-b606-4a35-9090-6e62c920397e\" data-image-description=\"\" data-image-caption=\"\" data-large-file=\"https:\/\/i0.wp.com\/39a.se\/wp-content\/uploads\/2020\/06\/580e1cf8-b606-4a35-9090-6e62c920397e.jpg?fit=600%2C600&amp;ssl=1\" src=\"https:\/\/i0.wp.com\/39a.se\/wp-content\/uploads\/2020\/06\/580e1cf8-b606-4a35-9090-6e62c920397e.jpg?resize=600%2C600&#038;ssl=1\" alt=\"\" class=\"wp-image-2825 size-full\" srcset=\"https:\/\/i0.wp.com\/39a.se\/wp-content\/uploads\/2020\/06\/580e1cf8-b606-4a35-9090-6e62c920397e.jpg?w=600&amp;ssl=1 600w, https:\/\/i0.wp.com\/39a.se\/wp-content\/uploads\/2020\/06\/580e1cf8-b606-4a35-9090-6e62c920397e.jpg?resize=300%2C300&amp;ssl=1 300w, https:\/\/i0.wp.com\/39a.se\/wp-content\/uploads\/2020\/06\/580e1cf8-b606-4a35-9090-6e62c920397e.jpg?resize=150%2C150&amp;ssl=1 150w, https:\/\/i0.wp.com\/39a.se\/wp-content\/uploads\/2020\/06\/580e1cf8-b606-4a35-9090-6e62c920397e.jpg?resize=400%2C400&amp;ssl=1 400w, https:\/\/i0.wp.com\/39a.se\/wp-content\/uploads\/2020\/06\/580e1cf8-b606-4a35-9090-6e62c920397e.jpg?resize=200%2C200&amp;ssl=1 200w\" sizes=\"(max-width: 600px) 100vw, 600px\" \/><\/figure><div class=\"wp-block-media-text__content\">\n<p class=\"wp-block-paragraph\">Gl\u00f6m inte bort att det \u00e4r roligt n\u00e4r man har kul. Barn \u00e4lskar uppm\u00e4rksamhet och engagemang fr\u00e5n vuxna. Amazon.se har ett stort sortiment av leksaker som passar alla \u00e5ldrar. <\/p>\n\n\n\n<div class=\"wp-block-buttons is-layout-flex wp-block-buttons-is-layout-flex\">\n<div class=\"wp-block-button\"><a class=\"wp-block-button__link\" href=\"https:\/\/www.amazon.se\/s?k=leksaks+b%C3%A5tar&amp;crid=1F7F2XEFQZND4&amp;sprefix=leksaks+b%C3%A5t%2Caps%2C166&amp;linkCode=ll2&amp;tag=39a09-21&amp;linkId=69715d1689030fc7628f8678db7016e3&amp;language=sv_SE&amp;ref_=as_li_ss_tl\" target=\"_blank\" rel=\"noreferrer noopener\">K\u00f6ps via Amazon.se<\/a><\/div>\n<\/div>\n<\/div><\/div>\n\n\n\n<hr class=\"wp-block-separator\"\/>\n\n\n\n<p class=\"wp-block-paragraph\">  <\/p>","protected":false},"excerpt":{"rendered":"<p>Med hj\u00e4lp av olika UV-skydd kan vi skapa den skugga vi beh\u00f6ver f\u00f6r att skydda barn mot solen. <\/p>","protected":false},"author":178098660,"featured_media":2827,"comment_status":"open","ping_status":"closed","sticky":false,"template":"","format":"standard","meta":{"_coblocks_attr":"","_coblocks_dimensions":"","_coblocks_responsive_height":"","_coblocks_accordion_ie_support":"","_has_post_settings":[],"_jetpack_newsletter_access":"","_jetpack_dont_email_post_to_subs":false,"_jetpack_newsletter_tier_id":0,"_jetpack_memberships_contains_paywalled_content":false,"_wpcom_ai_launchpad_first_post":false,"_jetpack_feature_clip_id":0,"_jetpack_memberships_contains_paid_content":false,"footnotes":"","jetpack_publicize_message":"{title}\n\n{excerpt}\n\n{url}","jetpack_publicize_feature_enabled":true,"jetpack_social_post_already_shared":true,"jetpack_social_options":{"image_generator_settings":{"template":"highway","default_image_id":0,"font":"","enabled":false},"version":2},"_wpas_customize_per_network":false,"jetpack_post_was_ever_published":false},"categories":[696786143,122837249],"tags":[],"hashtags":[],"class_list":["post-2808","post","type-post","status-publish","format-standard","has-post-thumbnail","hentry","category-baby-barn","category-kopguider"],"yoast_head":"<!-- This site is optimized with the Yoast SEO plugin v28.4 - https:\/\/yoast.com\/product\/yoast-seo-wordpress\/ -->\n<title>Solskydd f\u00f6r barn | V\u00e4lj r\u00e4tt solskyddsfaktor | Fakta och K\u00f6pguide | 39A<\/title>\n<meta name=\"description\" content=\"F\u00f6r mycket solljus vet vi \u00e4r skadligt b\u00e5de f\u00f6r hud och \u00f6gon. Extra viktigt med solskydd p\u00e5 sina barn. L\u00e4s mer h\u00e4r!\" \/>\n<meta name=\"robots\" content=\"index, follow, max-snippet:-1, max-image-preview:large, max-video-preview:-1\" \/>\n<link rel=\"canonical\" href=\"https:\/\/39a.se\/en\/skydda-barn-mot-solen\/\" \/>\n<meta property=\"og:locale\" content=\"en_US\" \/>\n<meta property=\"og:type\" content=\"article\" \/>\n<meta property=\"og:title\" content=\"Solskydd f\u00f6r barn | V\u00e4lj r\u00e4tt solskyddsfaktor | Fakta och K\u00f6pguide | 39A\" \/>\n<meta property=\"og:description\" content=\"F\u00f6r mycket solljus vet vi \u00e4r skadligt b\u00e5de f\u00f6r hud och \u00f6gon. Extra viktigt med solskydd p\u00e5 sina barn. L\u00e4s mer h\u00e4r!\" \/>\n<meta property=\"og:url\" content=\"https:\/\/39a.se\/en\/skydda-barn-mot-solen\/\" \/>\n<meta property=\"og:site_name\" content=\"Fakta &amp; K\u00f6pguide\" \/>\n<meta property=\"article:publisher\" content=\"https:\/\/www.facebook.com\/39akopguide\/?modal=admin_todo_tour\" \/>\n<meta property=\"article:published_time\" content=\"2020-06-26T08:55:48+00:00\" \/>\n<meta property=\"article:modified_time\" content=\"2021-07-29T11:20:04+00:00\" \/>\n<meta property=\"og:image\" content=\"https:\/\/i0.wp.com\/39a.se\/wp-content\/uploads\/2020\/06\/parasol-4347277_1920-1.jpg?fit=1920%2C1280&ssl=1\" \/>\n\t<meta property=\"og:image:width\" content=\"1920\" \/>\n\t<meta property=\"og:image:height\" content=\"1280\" \/>\n\t<meta property=\"og:image:type\" content=\"image\/jpeg\" \/>\n<meta name=\"author\" content=\"39A\" \/>\n<meta name=\"twitter:card\" content=\"summary_large_image\" \/>\n<meta name=\"twitter:label1\" content=\"Written by\" \/>\n\t<meta name=\"twitter:data1\" content=\"39A\" \/>\n\t<meta name=\"twitter:label2\" content=\"Est. reading time\" \/>\n\t<meta name=\"twitter:data2\" content=\"8 minutes\" \/>\n<script type=\"application\/ld+json\" class=\"yoast-schema-graph\">{\"@context\":\"https:\\\/\\\/schema.org\",\"@graph\":[{\"@type\":\"Article\",\"@id\":\"https:\\\/\\\/39a.se\\\/skydda-barn-mot-solen\\\/#article\",\"isPartOf\":{\"@id\":\"https:\\\/\\\/39a.se\\\/skydda-barn-mot-solen\\\/\"},\"author\":{\"name\":\"39A\",\"@id\":\"https:\\\/\\\/39a.se\\\/#\\\/schema\\\/person\\\/73958bb1f0da195a5a6a4a7fbe98e642\"},\"headline\":\"Solskydd f\u00f6r barn\",\"datePublished\":\"2020-06-26T08:55:48+00:00\",\"dateModified\":\"2021-07-29T11:20:04+00:00\",\"mainEntityOfPage\":{\"@id\":\"https:\\\/\\\/39a.se\\\/skydda-barn-mot-solen\\\/\"},\"wordCount\":1792,\"commentCount\":0,\"publisher\":{\"@id\":\"https:\\\/\\\/39a.se\\\/#organization\"},\"image\":{\"@id\":\"https:\\\/\\\/39a.se\\\/skydda-barn-mot-solen\\\/#primaryimage\"},\"thumbnailUrl\":\"https:\\\/\\\/i0.wp.com\\\/39a.se\\\/wp-content\\\/uploads\\\/2020\\\/06\\\/parasol-4347277_1920-1.jpg?fit=1920%2C1280&ssl=1\",\"articleSection\":[\"Baby &amp; barn\",\"K\u00f6pguider\"],\"inLanguage\":\"en-US\",\"potentialAction\":[{\"@type\":\"CommentAction\",\"name\":\"Comment\",\"target\":[\"https:\\\/\\\/39a.se\\\/skydda-barn-mot-solen\\\/#respond\"]}]},{\"@type\":\"WebPage\",\"@id\":\"https:\\\/\\\/39a.se\\\/skydda-barn-mot-solen\\\/\",\"url\":\"https:\\\/\\\/39a.se\\\/skydda-barn-mot-solen\\\/\",\"name\":\"Solskydd f\u00f6r barn | V\u00e4lj r\u00e4tt solskyddsfaktor | Fakta och K\u00f6pguide | 39A\",\"isPartOf\":{\"@id\":\"https:\\\/\\\/39a.se\\\/#website\"},\"primaryImageOfPage\":{\"@id\":\"https:\\\/\\\/39a.se\\\/skydda-barn-mot-solen\\\/#primaryimage\"},\"image\":{\"@id\":\"https:\\\/\\\/39a.se\\\/skydda-barn-mot-solen\\\/#primaryimage\"},\"thumbnailUrl\":\"https:\\\/\\\/i0.wp.com\\\/39a.se\\\/wp-content\\\/uploads\\\/2020\\\/06\\\/parasol-4347277_1920-1.jpg?fit=1920%2C1280&ssl=1\",\"datePublished\":\"2020-06-26T08:55:48+00:00\",\"dateModified\":\"2021-07-29T11:20:04+00:00\",\"description\":\"F\u00f6r mycket solljus vet vi \u00e4r skadligt b\u00e5de f\u00f6r hud och \u00f6gon. Extra viktigt med solskydd p\u00e5 sina barn. L\u00e4s mer h\u00e4r!\",\"breadcrumb\":{\"@id\":\"https:\\\/\\\/39a.se\\\/skydda-barn-mot-solen\\\/#breadcrumb\"},\"inLanguage\":\"en-US\",\"potentialAction\":[{\"@type\":\"ReadAction\",\"target\":[\"https:\\\/\\\/39a.se\\\/skydda-barn-mot-solen\\\/\"]}]},{\"@type\":\"ImageObject\",\"inLanguage\":\"en-US\",\"@id\":\"https:\\\/\\\/39a.se\\\/skydda-barn-mot-solen\\\/#primaryimage\",\"url\":\"https:\\\/\\\/i0.wp.com\\\/39a.se\\\/wp-content\\\/uploads\\\/2020\\\/06\\\/parasol-4347277_1920-1.jpg?fit=1920%2C1280&ssl=1\",\"contentUrl\":\"https:\\\/\\\/i0.wp.com\\\/39a.se\\\/wp-content\\\/uploads\\\/2020\\\/06\\\/parasol-4347277_1920-1.jpg?fit=1920%2C1280&ssl=1\",\"width\":1920,\"height\":1280},{\"@type\":\"BreadcrumbList\",\"@id\":\"https:\\\/\\\/39a.se\\\/skydda-barn-mot-solen\\\/#breadcrumb\",\"itemListElement\":[{\"@type\":\"ListItem\",\"position\":1,\"name\":\"Hem\",\"item\":\"https:\\\/\\\/39a.se\\\/\"},{\"@type\":\"ListItem\",\"position\":2,\"name\":\"Solskydd f\u00f6r barn\"}]},{\"@type\":\"WebSite\",\"@id\":\"https:\\\/\\\/39a.se\\\/#website\",\"url\":\"https:\\\/\\\/39a.se\\\/\",\"name\":\"Fakta &amp; K\u00f6pguide\",\"description\":\"Buying with purpose\",\"publisher\":{\"@id\":\"https:\\\/\\\/39a.se\\\/#organization\"},\"potentialAction\":[{\"@type\":\"SearchAction\",\"target\":{\"@type\":\"EntryPoint\",\"urlTemplate\":\"https:\\\/\\\/39a.se\\\/?s={search_term_string}\"},\"query-input\":{\"@type\":\"PropertyValueSpecification\",\"valueRequired\":true,\"valueName\":\"search_term_string\"}}],\"inLanguage\":\"en-US\"},{\"@type\":\"Organization\",\"@id\":\"https:\\\/\\\/39a.se\\\/#organization\",\"name\":\"39A\",\"url\":\"https:\\\/\\\/39a.se\\\/\",\"logo\":{\"@type\":\"ImageObject\",\"inLanguage\":\"en-US\",\"@id\":\"https:\\\/\\\/39a.se\\\/#\\\/schema\\\/logo\\\/image\\\/\",\"url\":\"https:\\\/\\\/i0.wp.com\\\/39a.se\\\/wp-content\\\/uploads\\\/2020\\\/03\\\/cropped-Black-logo-no-background.png?fit=3168%2C3168&ssl=1\",\"contentUrl\":\"https:\\\/\\\/i0.wp.com\\\/39a.se\\\/wp-content\\\/uploads\\\/2020\\\/03\\\/cropped-Black-logo-no-background.png?fit=3168%2C3168&ssl=1\",\"width\":3168,\"height\":3168,\"caption\":\"39A\"},\"image\":{\"@id\":\"https:\\\/\\\/39a.se\\\/#\\\/schema\\\/logo\\\/image\\\/\"},\"sameAs\":[\"https:\\\/\\\/www.facebook.com\\\/39akopguide\\\/?modal=admin_todo_tour\",\"https:\\\/\\\/www.instagram.com\\\/39a_kopguide\\\/\",\"https:\\\/\\\/www.pinterest.se\\\/39ainfo\\\/\"]},{\"@type\":\"Person\",\"@id\":\"https:\\\/\\\/39a.se\\\/#\\\/schema\\\/person\\\/73958bb1f0da195a5a6a4a7fbe98e642\",\"name\":\"39A\",\"image\":{\"@type\":\"ImageObject\",\"inLanguage\":\"en-US\",\"@id\":\"https:\\\/\\\/secure.gravatar.com\\\/avatar\\\/508e7fd2f6a54c1c45e85906d859a789066c1d94e1b21e4a83f5f21556582df6?s=96&d=identicon&r=g\",\"url\":\"https:\\\/\\\/secure.gravatar.com\\\/avatar\\\/508e7fd2f6a54c1c45e85906d859a789066c1d94e1b21e4a83f5f21556582df6?s=96&d=identicon&r=g\",\"contentUrl\":\"https:\\\/\\\/secure.gravatar.com\\\/avatar\\\/508e7fd2f6a54c1c45e85906d859a789066c1d94e1b21e4a83f5f21556582df6?s=96&d=identicon&r=g\",\"caption\":\"39A\"},\"description\":\"Fakta &amp; k\u00f6pguide\",\"sameAs\":[\"http:\\\/\\\/39ainfo.wordpress.com\"],\"url\":\"https:\\\/\\\/39a.se\\\/en\\\/author\\\/39ainfo\\\/\"}]}<\/script>\n<!-- \/ Yoast SEO plugin. -->","yoast_head_json":{"title":"Solskydd f\u00f6r barn | V\u00e4lj r\u00e4tt solskyddsfaktor | Fakta och K\u00f6pguide | 39A","description":"F\u00f6r mycket solljus vet vi \u00e4r skadligt b\u00e5de f\u00f6r hud och \u00f6gon. Extra viktigt med solskydd p\u00e5 sina barn. L\u00e4s mer h\u00e4r!","robots":{"index":"index","follow":"follow","max-snippet":"max-snippet:-1","max-image-preview":"max-image-preview:large","max-video-preview":"max-video-preview:-1"},"canonical":"https:\/\/39a.se\/en\/skydda-barn-mot-solen\/","og_locale":"en_US","og_type":"article","og_title":"Solskydd f\u00f6r barn | V\u00e4lj r\u00e4tt solskyddsfaktor | Fakta och K\u00f6pguide | 39A","og_description":"F\u00f6r mycket solljus vet vi \u00e4r skadligt b\u00e5de f\u00f6r hud och \u00f6gon. Extra viktigt med solskydd p\u00e5 sina barn. L\u00e4s mer h\u00e4r!","og_url":"https:\/\/39a.se\/en\/skydda-barn-mot-solen\/","og_site_name":"Fakta &amp; K\u00f6pguide","article_publisher":"https:\/\/www.facebook.com\/39akopguide\/?modal=admin_todo_tour","article_published_time":"2020-06-26T08:55:48+00:00","article_modified_time":"2021-07-29T11:20:04+00:00","og_image":[{"width":1920,"height":1280,"url":"https:\/\/i0.wp.com\/39a.se\/wp-content\/uploads\/2020\/06\/parasol-4347277_1920-1.jpg?fit=1920%2C1280&ssl=1","type":"image\/jpeg"}],"author":"39A","twitter_card":"summary_large_image","twitter_misc":{"Written by":"39A","Est. reading time":"8 minutes"},"schema":{"@context":"https:\/\/schema.org","@graph":[{"@type":"Article","@id":"https:\/\/39a.se\/skydda-barn-mot-solen\/#article","isPartOf":{"@id":"https:\/\/39a.se\/skydda-barn-mot-solen\/"},"author":{"name":"39A","@id":"https:\/\/39a.se\/#\/schema\/person\/73958bb1f0da195a5a6a4a7fbe98e642"},"headline":"Solskydd f\u00f6r barn","datePublished":"2020-06-26T08:55:48+00:00","dateModified":"2021-07-29T11:20:04+00:00","mainEntityOfPage":{"@id":"https:\/\/39a.se\/skydda-barn-mot-solen\/"},"wordCount":1792,"commentCount":0,"publisher":{"@id":"https:\/\/39a.se\/#organization"},"image":{"@id":"https:\/\/39a.se\/skydda-barn-mot-solen\/#primaryimage"},"thumbnailUrl":"https:\/\/i0.wp.com\/39a.se\/wp-content\/uploads\/2020\/06\/parasol-4347277_1920-1.jpg?fit=1920%2C1280&ssl=1","articleSection":["Baby &amp; barn","K\u00f6pguider"],"inLanguage":"en-US","potentialAction":[{"@type":"CommentAction","name":"Comment","target":["https:\/\/39a.se\/skydda-barn-mot-solen\/#respond"]}]},{"@type":"WebPage","@id":"https:\/\/39a.se\/skydda-barn-mot-solen\/","url":"https:\/\/39a.se\/skydda-barn-mot-solen\/","name":"Solskydd f\u00f6r barn | V\u00e4lj r\u00e4tt solskyddsfaktor | Fakta och K\u00f6pguide | 39A","isPartOf":{"@id":"https:\/\/39a.se\/#website"},"primaryImageOfPage":{"@id":"https:\/\/39a.se\/skydda-barn-mot-solen\/#primaryimage"},"image":{"@id":"https:\/\/39a.se\/skydda-barn-mot-solen\/#primaryimage"},"thumbnailUrl":"https:\/\/i0.wp.com\/39a.se\/wp-content\/uploads\/2020\/06\/parasol-4347277_1920-1.jpg?fit=1920%2C1280&ssl=1","datePublished":"2020-06-26T08:55:48+00:00","dateModified":"2021-07-29T11:20:04+00:00","description":"F\u00f6r mycket solljus vet vi \u00e4r skadligt b\u00e5de f\u00f6r hud och \u00f6gon. Extra viktigt med solskydd p\u00e5 sina barn. L\u00e4s mer h\u00e4r!","breadcrumb":{"@id":"https:\/\/39a.se\/skydda-barn-mot-solen\/#breadcrumb"},"inLanguage":"en-US","potentialAction":[{"@type":"ReadAction","target":["https:\/\/39a.se\/skydda-barn-mot-solen\/"]}]},{"@type":"ImageObject","inLanguage":"en-US","@id":"https:\/\/39a.se\/skydda-barn-mot-solen\/#primaryimage","url":"https:\/\/i0.wp.com\/39a.se\/wp-content\/uploads\/2020\/06\/parasol-4347277_1920-1.jpg?fit=1920%2C1280&ssl=1","contentUrl":"https:\/\/i0.wp.com\/39a.se\/wp-content\/uploads\/2020\/06\/parasol-4347277_1920-1.jpg?fit=1920%2C1280&ssl=1","width":1920,"height":1280},{"@type":"BreadcrumbList","@id":"https:\/\/39a.se\/skydda-barn-mot-solen\/#breadcrumb","itemListElement":[{"@type":"ListItem","position":1,"name":"Hem","item":"https:\/\/39a.se\/"},{"@type":"ListItem","position":2,"name":"Solskydd f\u00f6r barn"}]},{"@type":"WebSite","@id":"https:\/\/39a.se\/#website","url":"https:\/\/39a.se\/","name":"Fakta &amp; K\u00f6pguide","description":"Buying with purpose","publisher":{"@id":"https:\/\/39a.se\/#organization"},"potentialAction":[{"@type":"SearchAction","target":{"@type":"EntryPoint","urlTemplate":"https:\/\/39a.se\/?s={search_term_string}"},"query-input":{"@type":"PropertyValueSpecification","valueRequired":true,"valueName":"search_term_string"}}],"inLanguage":"en-US"},{"@type":"Organization","@id":"https:\/\/39a.se\/#organization","name":"39A","url":"https:\/\/39a.se\/","logo":{"@type":"ImageObject","inLanguage":"en-US","@id":"https:\/\/39a.se\/#\/schema\/logo\/image\/","url":"https:\/\/i0.wp.com\/39a.se\/wp-content\/uploads\/2020\/03\/cropped-Black-logo-no-background.png?fit=3168%2C3168&ssl=1","contentUrl":"https:\/\/i0.wp.com\/39a.se\/wp-content\/uploads\/2020\/03\/cropped-Black-logo-no-background.png?fit=3168%2C3168&ssl=1","width":3168,"height":3168,"caption":"39A"},"image":{"@id":"https:\/\/39a.se\/#\/schema\/logo\/image\/"},"sameAs":["https:\/\/www.facebook.com\/39akopguide\/?modal=admin_todo_tour","https:\/\/www.instagram.com\/39a_kopguide\/","https:\/\/www.pinterest.se\/39ainfo\/"]},{"@type":"Person","@id":"https:\/\/39a.se\/#\/schema\/person\/73958bb1f0da195a5a6a4a7fbe98e642","name":"39A","image":{"@type":"ImageObject","inLanguage":"en-US","@id":"https:\/\/secure.gravatar.com\/avatar\/508e7fd2f6a54c1c45e85906d859a789066c1d94e1b21e4a83f5f21556582df6?s=96&d=identicon&r=g","url":"https:\/\/secure.gravatar.com\/avatar\/508e7fd2f6a54c1c45e85906d859a789066c1d94e1b21e4a83f5f21556582df6?s=96&d=identicon&r=g","contentUrl":"https:\/\/secure.gravatar.com\/avatar\/508e7fd2f6a54c1c45e85906d859a789066c1d94e1b21e4a83f5f21556582df6?s=96&d=identicon&r=g","caption":"39A"},"description":"Fakta &amp; k\u00f6pguide","sameAs":["http:\/\/39ainfo.wordpress.com"],"url":"https:\/\/39a.se\/en\/author\/39ainfo\/"}]}},"jetpack_publicize_connections":[],"jetpack_likes_enabled":false,"jetpack_sharing_enabled":true,"jetpack_shortlink":"https:\/\/wp.me\/pbAKMZ-Ji","jetpack-related-posts":[],"amp_enabled":true,"jetpack_featured_media_url":"https:\/\/i0.wp.com\/39a.se\/wp-content\/uploads\/2020\/06\/parasol-4347277_1920-1.jpg?fit=1920%2C1280&ssl=1","_links":{"self":[{"href":"https:\/\/39a.se\/en\/wp-json\/wp\/v2\/posts\/2808","targetHints":{"allow":["GET"]}}],"collection":[{"href":"https:\/\/39a.se\/en\/wp-json\/wp\/v2\/posts"}],"about":[{"href":"https:\/\/39a.se\/en\/wp-json\/wp\/v2\/types\/post"}],"author":[{"embeddable":true,"href":"https:\/\/39a.se\/en\/wp-json\/wp\/v2\/users\/178098660"}],"replies":[{"embeddable":true,"href":"https:\/\/39a.se\/en\/wp-json\/wp\/v2\/comments?post=2808"}],"version-history":[{"count":60,"href":"https:\/\/39a.se\/en\/wp-json\/wp\/v2\/posts\/2808\/revisions"}],"predecessor-version":[{"id":4479,"href":"https:\/\/39a.se\/en\/wp-json\/wp\/v2\/posts\/2808\/revisions\/4479"}],"wp:featuredmedia":[{"embeddable":true,"href":"https:\/\/39a.se\/en\/wp-json\/wp\/v2\/media\/2827"}],"wp:attachment":[{"href":"https:\/\/39a.se\/en\/wp-json\/wp\/v2\/media?parent=2808"}],"wp:term":[{"taxonomy":"category","embeddable":true,"href":"https:\/\/39a.se\/en\/wp-json\/wp\/v2\/categories?post=2808"},{"taxonomy":"post_tag","embeddable":true,"href":"https:\/\/39a.se\/en\/wp-json\/wp\/v2\/tags?post=2808"},{"taxonomy":"hashtags","embeddable":true,"href":"https:\/\/39a.se\/en\/wp-json\/wp\/v2\/hashtags?post=2808"}],"curies":[{"name":"wp","href":"https:\/\/api.w.org\/{rel}","templated":true}]}}